{"id":2625,"__str__":"Acess\u00f3rio - comunica\u00e7\u00e3o interna de 13/09/2022 por Paulo de lima Gon\u00e7alves","link_detail_backend":"/materia/documentoacessorio/2625","metadata":{},"nome":"comunica\u00e7\u00e3o interna","data":"2022-09-13","autor":"Paulo de lima Gon\u00e7alves","ementa":"CI referente ao RQ. n\u00ba 20/2022.","indexacao":"","arquivo":"http://sapl.capanema.pr.leg.br/media/sapl/public/documentoacessorio/2022/2625/ci_req_20.pdf","data_ultima_atualizacao":"2022-09-13T10:43:18.858709-03:00","materia":937,"tipo":15}