{"id":2622,"__str__":"Of\u00edcio - Of\u00edcio Legislativo. de 12/09/2022 por Am\u00e9rico Bell\u00e9","link_detail_backend":"/materia/documentoacessorio/2622","metadata":{},"nome":"Of\u00edcio Legislativo.","data":"2022-09-12","autor":"Am\u00e9rico Bell\u00e9","ementa":"Of. n\u00ba 367/2022 do Executivo.","indexacao":"","arquivo":"http://sapl.capanema.pr.leg.br/media/sapl/public/documentoacessorio/2022/2622/of_367.pdf","data_ultima_atualizacao":"2022-09-12T17:02:58.343401-03:00","materia":938,"tipo":19}