{"id":259,"__str__":"Parecer Comiss\u00e3o - CFO de 29/01/2019 por Comiss\u00e3o de Finan\u00e7as e Or\u00e7amento.","link_detail_backend":"/materia/documentoacessorio/259","metadata":{},"nome":"CFO","data":"2019-01-29","autor":"Comiss\u00e3o de Finan\u00e7as e Or\u00e7amento.","ementa":"","indexacao":"","arquivo":"http://sapl.capanema.pr.leg.br/media/sapl/public/documentoacessorio/2019/259/parecer_de_financas_e_orcamento_do_projeto_de_le_neG0n3j.pdf","data_ultima_atualizacao":"2019-01-29T15:35:37.022807-02:00","materia":307,"tipo":16}