{"id":2583,"__str__":"Acess\u00f3rio - comunica\u00e7\u00e3o interna de 29/08/2022 por Paulo de lima Gon\u00e7alves","link_detail_backend":"/materia/documentoacessorio/2583","metadata":{},"nome":"comunica\u00e7\u00e3o interna","data":"2022-08-29","autor":"Paulo de lima Gon\u00e7alves","ementa":"CI referente ao PLO 35","indexacao":"","arquivo":"http://sapl.capanema.pr.leg.br/media/sapl/public/documentoacessorio/2022/2583/ci.pdf","data_ultima_atualizacao":"2022-08-29T17:47:50.727446-03:00","materia":925,"tipo":15}