{"id":2559,"__str__":"Acess\u00f3rio - comunica\u00e7\u00e3o interna de 16/08/2022 por Paulo de lima Gon\u00e7alves","link_detail_backend":"/materia/documentoacessorio/2559","metadata":{},"nome":"comunica\u00e7\u00e3o interna","data":"2022-08-16","autor":"Paulo de lima Gon\u00e7alves","ementa":"CI referente a Proposi\u00e7\u00e3o.","indexacao":"","arquivo":"http://sapl.capanema.pr.leg.br/media/sapl/public/documentoacessorio/2022/2559/ci.pdf","data_ultima_atualizacao":"2022-08-16T16:46:09.348258-03:00","materia":914,"tipo":15}