{"id":2543,"__str__":"Of\u00edcio - Of\u00edcio Legislativo. de 08/08/2022 por Am\u00e9rico Bell\u00e9","link_detail_backend":"/materia/documentoacessorio/2543","metadata":{},"nome":"Of\u00edcio Legislativo.","data":"2022-08-08","autor":"Am\u00e9rico Bell\u00e9","ementa":"Of\u00edcio n\u00ba325/2022 do Executivo","indexacao":"","arquivo":"http://sapl.capanema.pr.leg.br/media/sapl/public/documentoacessorio/2022/2543/325.pdf","data_ultima_atualizacao":"2022-08-08T13:40:18.728213-03:00","materia":900,"tipo":19}