{"id":2536,"__str__":"Acess\u00f3rio - comunica\u00e7\u00e3o interna de 08/08/2022 por Paulo de lima Gon\u00e7alves","link_detail_backend":"/materia/documentoacessorio/2536","metadata":{},"nome":"comunica\u00e7\u00e3o interna","data":"2022-08-08","autor":"Paulo de lima Gon\u00e7alves","ementa":"CI referente ao PLO n\u00ba 32/2022.","indexacao":"","arquivo":"http://sapl.capanema.pr.leg.br/media/sapl/public/documentoacessorio/2022/2536/ci_32.pdf","data_ultima_atualizacao":"2022-08-08T09:57:23.028810-03:00","materia":913,"tipo":15}