{"id":2535,"__str__":"Of\u00edcio - Of\u00edcio Legislativo. de 08/08/2022 por Am\u00e9rico Bell\u00e9","link_detail_backend":"/materia/documentoacessorio/2535","metadata":{},"nome":"Of\u00edcio Legislativo.","data":"2022-08-08","autor":"Am\u00e9rico Bell\u00e9","ementa":"Of. n\u00ba321/2022 do Executivo.","indexacao":"","arquivo":"http://sapl.capanema.pr.leg.br/media/sapl/public/documentoacessorio/2022/2535/of_321.pdf","data_ultima_atualizacao":"2022-08-08T09:56:49.321578-03:00","materia":913,"tipo":7}