{"id":2526,"__str__":"Of\u00edcio - Of\u00edcio Legislativo. de 02/08/2022 por Am\u00e9rico Bell\u00e9","link_detail_backend":"/materia/documentoacessorio/2526","metadata":{},"nome":"Of\u00edcio Legislativo.","data":"2022-08-02","autor":"Am\u00e9rico Bell\u00e9","ementa":"Of\u00edcio n\u00ba 314/2022 do Executivo enviando a Lei Complementar n\u00ba 14/2022.","indexacao":"","arquivo":"http://sapl.capanema.pr.leg.br/media/sapl/public/documentoacessorio/2022/2526/oficio.pdf","data_ultima_atualizacao":"2022-08-02T08:58:05.137439-03:00","materia":821,"tipo":19}