{"id":2510,"__str__":"Acess\u00f3rio - comunica\u00e7\u00e3o interna de 20/07/2022 por Paulo de lima Gon\u00e7alves","link_detail_backend":"/materia/documentoacessorio/2510","metadata":{},"nome":"comunica\u00e7\u00e3o interna","data":"2022-07-20","autor":"Paulo de lima Gon\u00e7alves","ementa":"CI referente a proposi\u00e7\u00e3o","indexacao":"","arquivo":"http://sapl.capanema.pr.leg.br/media/sapl/public/documentoacessorio/2022/2510/ci.pdf","data_ultima_atualizacao":"2022-07-20T15:27:25.231003-03:00","materia":891,"tipo":15}