{"id":2508,"__str__":"Acess\u00f3rio - Mo\u00e7\u00e3o 02 de 20/07/2022 por Ercio Marques Shappo","link_detail_backend":"/materia/documentoacessorio/2508","metadata":{},"nome":"Mo\u00e7\u00e3o 02","data":"2022-07-20","autor":"Ercio Marques Shappo","ementa":"Mo\u00e7\u00e3o Publicada.","indexacao":"","arquivo":"http://sapl.capanema.pr.leg.br/media/sapl/public/documentoacessorio/2022/2508/publicacao.pdf","data_ultima_atualizacao":"2022-07-20T10:51:22.508008-03:00","materia":902,"tipo":15}