{"id":2493,"__str__":"Acess\u00f3rio - comunica\u00e7\u00e3o interna de 18/07/2022 por Paulo de lima Gon\u00e7alves","link_detail_backend":"/materia/documentoacessorio/2493","metadata":{},"nome":"comunica\u00e7\u00e3o interna","data":"2022-07-18","autor":"Paulo de lima Gon\u00e7alves","ementa":"Arq. da Emenda 05/2022.","indexacao":"","arquivo":"http://sapl.capanema.pr.leg.br/media/sapl/public/documentoacessorio/2022/2493/arq_da_emenda_05.pdf","data_ultima_atualizacao":"2022-07-18T09:15:59.683198-03:00","materia":899,"tipo":15}