{"id":2483,"__str__":"Of\u00edcio - Of\u00edcio Legislativo. de 13/07/2022 por Am\u00e9rico Bell\u00e9","link_detail_backend":"/materia/documentoacessorio/2483","metadata":{},"nome":"Of\u00edcio Legislativo.","data":"2022-07-13","autor":"Am\u00e9rico Bell\u00e9","ementa":"Of. n\u00ba288/2022 do Executivo","indexacao":"","arquivo":"http://sapl.capanema.pr.leg.br/media/sapl/public/documentoacessorio/2022/2483/of_288.pdf","data_ultima_atualizacao":"2022-07-13T10:12:56.008044-03:00","materia":879,"tipo":19}