{"id":2469,"__str__":"Acess\u00f3rio - comunica\u00e7\u00e3o interna de 12/07/2022 por Paulo de lima Gon\u00e7alves","link_detail_backend":"/materia/documentoacessorio/2469","metadata":{},"nome":"comunica\u00e7\u00e3o interna","data":"2022-07-12","autor":"Paulo de lima Gon\u00e7alves","ementa":"Arq. da Indica\u00e7\u00e3o 34/2022.","indexacao":"","arquivo":"http://sapl.capanema.pr.leg.br/media/sapl/public/documentoacessorio/2022/2469/arq_34.pdf","data_ultima_atualizacao":"2022-07-12T17:04:02.941140-03:00","materia":882,"tipo":15}