{"id":2463,"__str__":"Acess\u00f3rio - Of\u00edcio Legislativo. de 11/07/2022 por Am\u00e9rico Bell\u00e9","link_detail_backend":"/materia/documentoacessorio/2463","metadata":{},"nome":"Of\u00edcio Legislativo.","data":"2022-07-11","autor":"Am\u00e9rico Bell\u00e9","ementa":"Of. n\u00ba 276/2022 do Executivo.","indexacao":"","arquivo":"http://sapl.capanema.pr.leg.br/media/sapl/public/documentoacessorio/2022/2463/of_276.pdf","data_ultima_atualizacao":"2022-07-11T16:40:41.984369-03:00","materia":904,"tipo":15}