{"id":2442,"__str__":"Acess\u00f3rio - comunica\u00e7\u00e3o interna de 29/06/2022 por Paulo de lima Gon\u00e7alves","link_detail_backend":"/materia/documentoacessorio/2442","metadata":{},"nome":"comunica\u00e7\u00e3o interna","data":"2022-06-29","autor":"Paulo de lima Gon\u00e7alves","ementa":"CI E menda n\u00ba 04/2022.","indexacao":"","arquivo":"http://sapl.capanema.pr.leg.br/media/sapl/public/documentoacessorio/2022/2442/ci_emenda_04.pdf","data_ultima_atualizacao":"2022-06-29T09:18:29.062246-03:00","materia":898,"tipo":15}