{"id":2388,"__str__":"Acess\u00f3rio - comunica\u00e7\u00e3o interna de 06/06/2022 por Paulo de lima Gon\u00e7alves","link_detail_backend":"/materia/documentoacessorio/2388","metadata":{},"nome":"comunica\u00e7\u00e3o interna","data":"2022-06-06","autor":"Paulo de lima Gon\u00e7alves","ementa":"CI referente a Emenda 01/2022","indexacao":"","arquivo":"http://sapl.capanema.pr.leg.br/media/sapl/public/documentoacessorio/2022/2388/ci_referente_a_emenda_012022.pdf","data_ultima_atualizacao":"2022-06-06T14:01:36.129486-03:00","materia":884,"tipo":15}