{"id":2373,"__str__":"Acess\u00f3rio - comunica\u00e7\u00e3o interna de 23/05/2022 por Paulo de lima Gon\u00e7alves","link_detail_backend":"/materia/documentoacessorio/2373","metadata":{},"nome":"comunica\u00e7\u00e3o interna","data":"2022-05-23","autor":"Paulo de lima Gon\u00e7alves","ementa":"CI referente ao PLO n\u00ba 23/2022.","indexacao":"","arquivo":"http://sapl.capanema.pr.leg.br/media/sapl/public/documentoacessorio/2022/2373/ci_plo_23.pdf","data_ultima_atualizacao":"2022-05-23T15:36:02.250299-03:00","materia":880,"tipo":15}