{"id":2355,"__str__":"Acess\u00f3rio - comunica\u00e7\u00e3o interna de 16/05/2022 por Paulo de lima Gon\u00e7alves","link_detail_backend":"/materia/documentoacessorio/2355","metadata":{},"nome":"comunica\u00e7\u00e3o interna","data":"2022-05-16","autor":"Paulo de lima Gon\u00e7alves","ementa":"CI referente ao PLO n\u00ba 24/2022.","indexacao":"","arquivo":"http://sapl.capanema.pr.leg.br/media/sapl/public/documentoacessorio/2022/2355/ci_ao_plo_24.pdf","data_ultima_atualizacao":"2022-05-16T15:07:31.625483-03:00","materia":879,"tipo":15}