{"id":2303,"__str__":"Of\u00edcio - Of\u00edcio Legislativo. de 28/04/2022 por Am\u00e9rico Bell\u00e9","link_detail_backend":"/materia/documentoacessorio/2303","metadata":{},"nome":"Of\u00edcio Legislativo.","data":"2022-04-28","autor":"Am\u00e9rico Bell\u00e9","ementa":"Of. n\u00ba 170/2022 do Executivo.","indexacao":"","arquivo":"http://sapl.capanema.pr.leg.br/media/sapl/public/documentoacessorio/2022/2303/of_no_170_de_2022_do_executivo..pdf","data_ultima_atualizacao":"2022-04-28T16:29:15.446298-03:00","materia":844,"tipo":19}