{"id":2294,"__str__":"Acess\u00f3rio - Edital de Convoca\u00e7\u00e3o. de 27/04/2022 por Ercio Marques Shappo","link_detail_backend":"/materia/documentoacessorio/2294","metadata":{},"nome":"Edital de Convoca\u00e7\u00e3o.","data":"2022-04-27","autor":"Ercio Marques Shappo","ementa":"Edital n\u00ba 02/2022.","indexacao":"","arquivo":"http://sapl.capanema.pr.leg.br/media/sapl/public/documentoacessorio/2022/2294/edital_02_2022.pdf","data_ultima_atualizacao":"2022-04-27T08:13:59.012827-03:00","materia":821,"tipo":15}