{"id":2188,"__str__":"Acess\u00f3rio - comunica\u00e7\u00e3o interna de 22/03/2022 por Paulo de lima Gon\u00e7alves","link_detail_backend":"/materia/documentoacessorio/2188","metadata":{},"nome":"comunica\u00e7\u00e3o interna","data":"2022-03-22","autor":"Paulo de lima Gon\u00e7alves","ementa":"CI referente a Indica\u00e7\u00e3o n\u00ba 20/2022.","indexacao":"","arquivo":"http://sapl.capanema.pr.leg.br/media/sapl/public/documentoacessorio/2022/2188/ci_20.pdf","data_ultima_atualizacao":"2022-03-22T09:14:09.836811-03:00","materia":850,"tipo":15}