{"id":2133,"__str__":"Of\u00edcio - Of\u00edcio Legislativo. de 04/03/2022 por Am\u00e9rico Bell\u00e9","link_detail_backend":"/materia/documentoacessorio/2133","metadata":{},"nome":"Of\u00edcio Legislativo.","data":"2022-03-04","autor":"Am\u00e9rico Bell\u00e9","ementa":"Of. n\u00ba 79/2022 do Executivo.","indexacao":"","arquivo":"http://sapl.capanema.pr.leg.br/media/sapl/public/documentoacessorio/2022/2133/of._no79-2022_do_executivo.pdf","data_ultima_atualizacao":"2022-03-04T07:53:17.720965-03:00","materia":812,"tipo":7}