{"id":2106,"__str__":"Acess\u00f3rio - comunica\u00e7\u00e3o interna de 23/02/2022 por Paulo de lima Gon\u00e7alves","link_detail_backend":"/materia/documentoacessorio/2106","metadata":{},"nome":"comunica\u00e7\u00e3o interna","data":"2022-02-23","autor":"Paulo de lima Gon\u00e7alves","ementa":"Comunicado Interno","indexacao":"","arquivo":"http://sapl.capanema.pr.leg.br/media/sapl/public/documentoacessorio/2021/2106/comunicado_interno.pdf","data_ultima_atualizacao":"2022-02-23T09:16:04.897670-03:00","materia":781,"tipo":15}