{"id":2020,"__str__":"Acess\u00f3rio - comunica\u00e7\u00e3o interna de 22/12/2021 por Paulo de lima Gon\u00e7alves","link_detail_backend":"/materia/documentoacessorio/2020","metadata":{},"nome":"comunica\u00e7\u00e3o interna","data":"2021-12-22","autor":"Paulo de lima Gon\u00e7alves","ementa":"Ci referente a Emenda 03","indexacao":"","arquivo":"http://sapl.capanema.pr.leg.br/media/sapl/public/documentoacessorio/2021/2020/ci_emeda_03.pdf","data_ultima_atualizacao":"2021-12-22T09:21:53.148682-03:00","materia":810,"tipo":15}