{"id":2016,"__str__":"Acess\u00f3rio - comunica\u00e7\u00e3o interna de 21/12/2021 por Paulo de lima Gon\u00e7alves","link_detail_backend":"/materia/documentoacessorio/2016","metadata":{},"nome":"comunica\u00e7\u00e3o interna","data":"2021-12-21","autor":"Paulo de lima Gon\u00e7alves","ementa":"aRQ. DO rEQUERIMENTO N\u00ba 33/2021.","indexacao":"","arquivo":"http://sapl.capanema.pr.leg.br/media/sapl/public/documentoacessorio/2021/2016/arq.pdf","data_ultima_atualizacao":"2021-12-21T09:34:13.148338-03:00","materia":808,"tipo":15}