{"id":2001,"__str__":"Acess\u00f3rio - Edital de Convoca\u00e7\u00e3o. de 15/12/2021 por Ercio Marques Shappo","link_detail_backend":"/materia/documentoacessorio/2001","metadata":{},"nome":"Edital de Convoca\u00e7\u00e3o.","data":"2021-12-15","autor":"Ercio Marques Shappo","ementa":"Edital de Convoca\u00e7\u00e3o.","indexacao":"","arquivo":"http://sapl.capanema.pr.leg.br/media/sapl/public/documentoacessorio/2021/2001/edital.pdf","data_ultima_atualizacao":"2021-12-15T08:53:57.294440-03:00","materia":806,"tipo":15}