{"id":1699,"__str__":"Acess\u00f3rio - comunica\u00e7\u00e3o interna de 10/09/2021 por Paulo de lima Gon\u00e7alves","link_detail_backend":"/materia/documentoacessorio/1699","metadata":{},"nome":"comunica\u00e7\u00e3o interna","data":"2021-09-10","autor":"Paulo de lima Gon\u00e7alves","ementa":"CI","indexacao":"","arquivo":"http://sapl.capanema.pr.leg.br/media/sapl/public/documentoacessorio/2021/1699/ccf_001040.pdf","data_ultima_atualizacao":"2021-09-10T10:12:00.396743-03:00","materia":730,"tipo":15}