{"id":1674,"__str__":"Acess\u00f3rio - comunica\u00e7\u00e3o interna de 01/09/2021 por Paulo de lima Gon\u00e7alves","link_detail_backend":"/materia/documentoacessorio/1674","metadata":{},"nome":"comunica\u00e7\u00e3o interna","data":"2021-09-01","autor":"Paulo de lima Gon\u00e7alves","ementa":"CI","indexacao":"","arquivo":"http://sapl.capanema.pr.leg.br/media/sapl/public/documentoacessorio/2021/1674/ccf_001015.pdf","data_ultima_atualizacao":"2021-09-01T13:42:52.203995-03:00","materia":734,"tipo":15}