{"id":1664,"__str__":"Acess\u00f3rio - comunica\u00e7\u00e3o interna de 31/08/2021 por Paulo de lima Gon\u00e7alves","link_detail_backend":"/materia/documentoacessorio/1664","metadata":{},"nome":"comunica\u00e7\u00e3o interna","data":"2021-08-31","autor":"Paulo de lima Gon\u00e7alves","ementa":"CI","indexacao":"","arquivo":"http://sapl.capanema.pr.leg.br/media/sapl/public/documentoacessorio/2021/1664/ci.pdf","data_ultima_atualizacao":"2021-08-31T16:02:42.640565-03:00","materia":728,"tipo":15}