{"id":1638,"__str__":"Acess\u00f3rio - comunica\u00e7\u00e3o interna de 20/08/2021 por Paulo de lima Gon\u00e7alves","link_detail_backend":"/materia/documentoacessorio/1638","metadata":{},"nome":"comunica\u00e7\u00e3o interna","data":"2021-08-20","autor":"Paulo de lima Gon\u00e7alves","ementa":"CI req. 21","indexacao":"","arquivo":"http://sapl.capanema.pr.leg.br/media/sapl/public/documentoacessorio/2021/1638/ci_req_21.pdf","data_ultima_atualizacao":"2021-08-20T14:52:22.215495-03:00","materia":731,"tipo":15}