{"id":1617,"__str__":"Parecer Comiss\u00e3o - CJR de 13/08/2021 por CJR","link_detail_backend":"/materia/documentoacessorio/1617","metadata":{},"nome":"CJR","data":"2021-08-13","autor":"CJR","ementa":"Parecer da Comiss\u00e3o de Justi\u00e7a e Reda\u00e7\u00e3o","indexacao":"","arquivo":"http://sapl.capanema.pr.leg.br/media/sapl/public/documentoacessorio/2021/1617/cjr_28.pdf","data_ultima_atualizacao":"2021-08-13T15:34:00.901736-03:00","materia":725,"tipo":16}