{"id":1579,"__str__":"Acess\u00f3rio - comunica\u00e7\u00e3o interna de 03/08/2021 por Ercio Marques Shappo","link_detail_backend":"/materia/documentoacessorio/1579","metadata":{},"nome":"comunica\u00e7\u00e3o interna","data":"2021-08-03","autor":"Ercio Marques Shappo","ementa":"Comunica\u00e7\u00e3o Interna","indexacao":"","arquivo":"http://sapl.capanema.pr.leg.br/media/sapl/public/documentoacessorio/2021/1579/ci.pdf","data_ultima_atualizacao":"2021-08-03T08:32:28.525172-03:00","materia":715,"tipo":15}