{"id":1427,"__str__":"Of\u00edcio - Of\u00edcio Legislativo. de 28/05/2021 por Am\u00e9rico Bell\u00e9","link_detail_backend":"/materia/documentoacessorio/1427","metadata":{},"nome":"Of\u00edcio Legislativo.","data":"2021-05-28","autor":"Am\u00e9rico Bell\u00e9","ementa":"Of\u00edcio n\u00ba 172/2021.","indexacao":"","arquivo":"http://sapl.capanema.pr.leg.br/media/sapl/public/documentoacessorio/2021/1427/of_172_de_2021.pdf","data_ultima_atualizacao":"2021-05-28T11:02:24.159376-03:00","materia":670,"tipo":19}