{"id":1381,"__str__":"Acess\u00f3rio - comunica\u00e7\u00e3o interna de 11/05/2021 por Paulo de lima Gon\u00e7alves","link_detail_backend":"/materia/documentoacessorio/1381","metadata":{},"nome":"comunica\u00e7\u00e3o interna","data":"2021-05-11","autor":"Paulo de lima Gon\u00e7alves","ementa":"CI","indexacao":"","arquivo":"http://sapl.capanema.pr.leg.br/media/sapl/public/documentoacessorio/2021/1381/ci.pdf","data_ultima_atualizacao":"2021-05-11T09:49:13.173883-03:00","materia":672,"tipo":15}