{"id":1285,"__str__":"Of\u00edcio - Of\u00edcio Legislativo. de 16/04/2021 por Am\u00e9rico Bell\u00e9","link_detail_backend":"/materia/documentoacessorio/1285","metadata":{},"nome":"Of\u00edcio Legislativo.","data":"2021-04-16","autor":"Am\u00e9rico Bell\u00e9","ementa":"of\u00edcio n\u00ba 102/2021 do Executivo Municipal.","indexacao":"","arquivo":"http://sapl.capanema.pr.leg.br/media/sapl/public/documentoacessorio/2021/1285/of_exec.pdf","data_ultima_atualizacao":"2021-04-16T14:02:09.556061-03:00","materia":632,"tipo":7}