{"id":1284,"__str__":"Acess\u00f3rio - comunica\u00e7\u00e3o interna de 16/04/2021 por Paulo de lima Gon\u00e7alves","link_detail_backend":"/materia/documentoacessorio/1284","metadata":{},"nome":"comunica\u00e7\u00e3o interna","data":"2021-04-16","autor":"Paulo de lima Gon\u00e7alves","ementa":"CI","indexacao":"","arquivo":"http://sapl.capanema.pr.leg.br/media/sapl/public/documentoacessorio/2021/1284/37.pdf","data_ultima_atualizacao":"2021-04-16T11:26:06.748652-03:00","materia":655,"tipo":15}