{"id":1251,"__str__":"Of\u00edcio - Of\u00edcio Legislativo. de 12/04/2021 por Am\u00e9rico Bell\u00e9","link_detail_backend":"/materia/documentoacessorio/1251","metadata":{},"nome":"Of\u00edcio Legislativo.","data":"2021-04-12","autor":"Am\u00e9rico Bell\u00e9","ementa":"of\u00edcio n\u00ba 098/2021 do oriundo.","indexacao":"","arquivo":"http://sapl.capanema.pr.leg.br/media/sapl/public/documentoacessorio/2021/1251/oficio_no_98_de_executivo.pdf","data_ultima_atualizacao":"2021-04-12T09:35:50.265857-03:00","materia":633,"tipo":19}